{"id":98,"date":"2014-05-27T11:17:47","date_gmt":"2014-05-27T09:17:47","guid":{"rendered":"http:\/\/spendenstein.de\/blog\/?p=98"},"modified":"2014-06-06T15:12:43","modified_gmt":"2014-06-06T13:12:43","slug":"peter-lindner-spendenstein","status":"publish","type":"post","link":"https:\/\/spendenstein.de\/blog\/peter-lindner-spendenstein\/","title":{"rendered":"Menschen hinter spendenstein.de: Peter Lindner"},"content":{"rendered":"<p>Steine sind Naturprodukte. Ebenso die Menschen, die hinter den Spendensteinen stehen. Die m\u00f6chten wir euch vorstellen. Also, eigentlich stelle ich mich ja gerade selber vor.<br \/>\nIch hei\u00dfe Peter Lindner und lebe und arbeite in der <a href=\"http:\/\/www.dessau.de\/\" title=\"Dessau\" target=\"_blank\">Bauhausstadt Dessau<\/a>.<br \/>\nGeboren wurde ich im Jahr des Mauerbaus <em>(by the way: innerhalb der Mauer)<\/em> und bin studierter Betriebswirtschaftler. Anfang der Neunziger Jahre durfte ich im Auftrag und f\u00fcr die Stadt Dessau ein Dienstleistungsunternehmen f\u00fcr F\u00f6rderprojektmanagement aufbauen. Das funktionierte auch erfolgreich. Dabei wurden viele gro\u00dfe und kleine gemeinn\u00fctzige Vorhaben f\u00fcr Integration und Teilhabe, Wohlfahrtspflege und Naturschutz realisert.<\/p>\n<h3>Dann war Zeit f\u00fcr Ver\u00e4nderung<\/h3>\n<p>Seit 2006 gr\u00fcndeten wir (Wer &#8222;wir&#8220; ist, kl\u00e4ren wir hier noch.) die Fanstein GmbH, um den Fundraisingmarkt um ein ausgesprochen nachhaltiges Produkt zu bereichern, den Spendenstein. Und um den geht es hier.<\/p>\n<p>Mittlerweile durfte ich in all den Jahren verschiedene Projekte begleiten und bin immer noch fest davon \u00fcberzeugt, dass es noch viel mehr Steine geben sollte ;-). Daber das k\u00f6nnt ihr euch denken.<\/p>\n<p>Also, ich bin Peter und bin Gesch\u00e4ftsf\u00fchrer von <a href=\"http:\/\/www.spendenstein.de\" title=\"spendenstein.de\">spendenstein.de<\/a> und der Fanstein GmbH.<\/p>\n","protected":false},"excerpt":{"rendered":"<p>Steine sind Naturprodukte. Ebenso die Menschen, die hinter den Spendensteinen stehen. Die m\u00f6chten wir euch vorstellen. Also, eigentlich stelle ich mich ja gerade selber vor. Ich hei\u00dfe Peter Lindner und lebe und arbeite in der Bauhausstadt Dessau. Geboren wurde ich im Jahr des Mauerbaus (by the way: innerhalb der Mauer) und bin studierter Betriebswirtschaftler. Anfang [&hellip;]<\/p>\n","protected":false},"author":2,"featured_media":100,"comment_status":"open","ping_status":"open","sticky":false,"template":"","format":"standard","meta":{"footnotes":""},"categories":[1,3],"tags":[7,6],"class_list":["post-98","post","type-post","status-publish","format-standard","has-post-thumbnail","hentry","category-allgemein","category-menschen","tag-geschaeftsfuehrung","tag-peter-lindner"],"_links":{"self":[{"href":"https:\/\/spendenstein.de\/blog\/wp-json\/wp\/v2\/posts\/98","targetHints":{"allow":["GET"]}}],"collection":[{"href":"https:\/\/spendenstein.de\/blog\/wp-json\/wp\/v2\/posts"}],"about":[{"href":"https:\/\/spendenstein.de\/blog\/wp-json\/wp\/v2\/types\/post"}],"author":[{"embeddable":true,"href":"https:\/\/spendenstein.de\/blog\/wp-json\/wp\/v2\/users\/2"}],"replies":[{"embeddable":true,"href":"https:\/\/spendenstein.de\/blog\/wp-json\/wp\/v2\/comments?post=98"}],"version-history":[{"count":5,"href":"https:\/\/spendenstein.de\/blog\/wp-json\/wp\/v2\/posts\/98\/revisions"}],"predecessor-version":[{"id":143,"href":"https:\/\/spendenstein.de\/blog\/wp-json\/wp\/v2\/posts\/98\/revisions\/143"}],"wp:featuredmedia":[{"embeddable":true,"href":"https:\/\/spendenstein.de\/blog\/wp-json\/wp\/v2\/media\/100"}],"wp:attachment":[{"href":"https:\/\/spendenstein.de\/blog\/wp-json\/wp\/v2\/media?parent=98"}],"wp:term":[{"taxonomy":"category","embeddable":true,"href":"https:\/\/spendenstein.de\/blog\/wp-json\/wp\/v2\/categories?post=98"},{"taxonomy":"post_tag","embeddable":true,"href":"https:\/\/spendenstein.de\/blog\/wp-json\/wp\/v2\/tags?post=98"}],"curies":[{"name":"wp","href":"https:\/\/api.w.org\/{rel}","templated":true}]}}