{"id":331,"date":"2014-10-17T20:57:10","date_gmt":"2014-10-17T18:57:10","guid":{"rendered":"http:\/\/spendenstein.de\/blog\/?p=331"},"modified":"2014-10-17T20:57:10","modified_gmt":"2014-10-17T18:57:10","slug":"rueckblick-auf-den-9-fundraisingtag-berlin-brandenburg","status":"publish","type":"post","link":"https:\/\/spendenstein.de\/blog\/rueckblick-auf-den-9-fundraisingtag-berlin-brandenburg\/","title":{"rendered":"R\u00fcckblick auf den 9. Fundraisingtag Berlin-Brandenburg"},"content":{"rendered":"<p>Bei zwei <a href=\"http:\/\/www.fundraisingtage.de\">Fundraisingtagen<\/a>\u00a0innerhalb von zwei Wochen sollte man auch zwei Texte innerhalb von zwei Wochen erwarten d\u00fcrfen. MannMannMann, da kommen wir ja fast nicht mehr hinterher. Also dann mal los:<!--more--><\/p>\n<h2><del datetime=\"2014-10-16T14:08:15+00:00\">Recap<\/del> Ein kurzer und sehr pers\u00f6nlicher R\u00fcckblick auf den 9. Fundraisingtag Berlin \u2013 Brandenburg am 09.10.2014 in Potsdam<\/h2>\n<p>Hinfahrt. Das ansonsten relativ zuverl\u00e4ssige Garmin-Navi stieg an derselben Stelle wie im Vorjahr aus, weil da wohl irgendwann mal die Autobahn ihre Streckenf\u00fchrung ge\u00e4ndert hat. Nat\u00fcrlich half das seinerzeit &#8211; also <em>nach<\/em> dessen erstem Black-Out &#8211; vorgenommene Karten-Update nicht. Und so war mal wieder spannend anzusehen, wie ansonsten halbwegs intelligente Menschen &#8211; also ich &#8211; sich auf so\u00b4nen schwarzen Kasten verlassen und dann gar nicht mehr so intelligent gucken, wenn der auf einmal nicht mehr mitspielt. Aber diesmal war das \u00dcberraschungsmoment eher gering, wir wussten schon wie weiter und kamen p\u00fcnktlich an.<\/p>\n<h3>By the way Potsdam<\/h3>\n<p>Hier hat gerade der \u2013 darf man \u201ekultische\u201c sagen? \u2013 Regionalligist SV Babelsberg 03 sein <a title=\"Babelsberg 03 Spendenstein\" href=\"http:\/\/babelsberg03.de\/spendenstein\/\" target=\"_blank\">Spendenstein-Projekt<\/a> gestartet und was soll man sagen? L\u00e4uft!<\/p>\n<div id=\"attachment_340\" style=\"width: 209px\" class=\"wp-caption alignleft\"><a href=\"http:\/\/spendenstein.de\/blog\/wp-content\/uploads\/2014\/10\/QAgrS93kf76HoGOLIzu0pAe0Z_MHHsji-EllqLePh-E.jpg\"><img loading=\"lazy\" decoding=\"async\" aria-describedby=\"caption-attachment-340\" class=\"wp-image-340 size-medium\" src=\"http:\/\/spendenstein.de\/blog\/wp-content\/uploads\/2014\/10\/QAgrS93kf76HoGOLIzu0pAe0Z_MHHsji-EllqLePh-E-199x300.jpg\" alt=\"Marion Junker - Spendenstein\" width=\"199\" height=\"300\" srcset=\"https:\/\/spendenstein.de\/blog\/wp-content\/uploads\/2014\/10\/QAgrS93kf76HoGOLIzu0pAe0Z_MHHsji-EllqLePh-E-199x300.jpg 199w, https:\/\/spendenstein.de\/blog\/wp-content\/uploads\/2014\/10\/QAgrS93kf76HoGOLIzu0pAe0Z_MHHsji-EllqLePh-E.jpg 682w\" sizes=\"auto, (max-width: 199px) 100vw, 199px\" \/><\/a><p id=\"caption-attachment-340\" class=\"wp-caption-text\">Marion Junker von 0 auf 10.000<\/p><\/div>\n<h3>Vor Ort<\/h3>\n<p>Die Fundraisingtag-Location, die Universit\u00e4t Potsdam, finde ich architektonisch ganz schick, wenngleich der pure Beton auf den einen oder anderen vermutlich etwas kalt wirken mag. Kalt war es dort aber ganz und gar nicht. Das lag einerseits an den sp\u00e4tsommerlichen Temperaturen als auch an der mit 200 Teilnehmern wiederum sehr guten gut gef\u00fcllten Veranstaltung. <strong>Mathias Daberstiel<\/strong> und sein Team d\u00fcrften zufrieden gewesen sein.<\/p>\n<p>Den Impulsvortrag von <strong>Marion Junker<\/strong>, Abteilungsleiterin PR + Marketing der Stiftung <a title=\"Kiekeberg Museum\" href=\"http:\/\/www.kiekeberg-museum.de\" target=\"_blank\">Freilichtmuseum am Kiekeberg<\/a> bei Hamburg musste ich mir schon mal deswegen unbedingt anschauen, weil wir mit ihr zuvor an unserem Stand ein ausgesprochen anregendes Gespr\u00e4ch gef\u00fchrt hatten. Die \u00dcberschrift ihres Beitrages \u201eVon 0 auf 10.000! Wie Interessenten treue Mitglieder werden\u201c klang (f\u00fcr mich) anfangs etwas gro\u00dfspurig, aber war nichts als die reine Wahrheit. Ihrem Museum ist es tats\u00e4chlich gelungen, in nur wenigen Jahren 10.000 (in Worten: zehntausend!) Vereinsmitglieder zu gewinnen. Wobei sie mit ihrer sympathischen und gewinnenden(sic!) Art durchaus auch deutlich machte, wie sie und ihr Team diese wahrlich beeindruckende Zahl geschafft hat. Was mich dabei besonders faszinierte: Wie das Museum seine Mitglieder dazu bewegen kann, als Ehrenamtliche selbst mit Hand zu legen, sei es beim Losverkauf oder in der Logistik. F\u00fcr Frau Junker ist aber genau das der Schl\u00fcssel zum Erfolg.<\/p>\n<div id=\"attachment_338\" style=\"width: 310px\" class=\"wp-caption alignleft\"><a href=\"http:\/\/spendenstein.de\/blog\/wp-content\/uploads\/2014\/10\/L1v0mZJEAQEMpfPcQd12qTktQ-TCQI9I0Pm1NZVSMn4.jpg\"><img loading=\"lazy\" decoding=\"async\" aria-describedby=\"caption-attachment-338\" class=\"size-medium wp-image-338\" src=\"http:\/\/spendenstein.de\/blog\/wp-content\/uploads\/2014\/10\/L1v0mZJEAQEMpfPcQd12qTktQ-TCQI9I0Pm1NZVSMn4-300x199.jpg\" alt=\"Maik Meid im Medien Monitoring Workshop\" width=\"300\" height=\"199\" srcset=\"https:\/\/spendenstein.de\/blog\/wp-content\/uploads\/2014\/10\/L1v0mZJEAQEMpfPcQd12qTktQ-TCQI9I0Pm1NZVSMn4-300x199.jpg 300w, https:\/\/spendenstein.de\/blog\/wp-content\/uploads\/2014\/10\/L1v0mZJEAQEMpfPcQd12qTktQ-TCQI9I0Pm1NZVSMn4.jpg 1024w\" sizes=\"auto, (max-width: 300px) 100vw, 300px\" \/><\/a><p id=\"caption-attachment-338\" class=\"wp-caption-text\">Maik Meid im Medien Monitoring Workshop<\/p><\/div>\n<p>F\u00fcr den vormitt\u00e4glichen Seminarbesuch hatte ich mir <a title=\"Maik Meid\" href=\"http:\/\/www.fundraisingnetz.de\" target=\"_blank\">Maik Meid<\/a> ausgesucht, der zum Thema \u201eAlles im Blick? \u2013 Medien Monitoring f\u00fcr Non-Profits\u201c referierte. Nachdem ich irrt\u00fcmlich erst im falschen Raum war (dort ging es um \u201eFundraising beginnt zu Hause: Organisationsentwicklung im Fundraising\u201c) und Thomas Kreuzer von der <a title=\"Fundraising Akademie\" href=\"http:\/\/www.fundraisingakademie.de\" target=\"_blank\">Fundraising Akademie<\/a>\u00a0mich freundlich drauf hinwies, dass ich DAS doch eigentlich schon wissen sollte ;-), fand ich noch rechtzeitig den richtigen Raum und war beim Eintreten etwas \u00fcberrascht, dass da noc \u00a0h Platz f\u00fcr weitere Zuh\u00f6rer gewesen w\u00e4re.<\/p>\n<p>Der Grund hierf\u00fcr war den Ausf\u00fchrungen von Maik Meid zu entnehmen: In vielen Chef-Etagen der NonProfits ist Medien-Monitoring offensichtlich noch nicht angekommen. Ich wei\u00df nicht, ob es (auch) daran liegt, dass viele &#8211; vermutlich \u00e4ltere \u2013 Entscheider vielleicht nicht so viel mit Facebook, Twitter &amp; Co am Hut haben und aus ihrer strikten Ablehnung auch keinen Hehl machen. Fakt ist aber, dass das ganz bestimmt ein Fehler ist. Der aber korrigiert werden kann. Und korrigiert werden sollte. Am besten, ehe es zu sp\u00e4t ist. Und das begr\u00fcndete Maik Meid auch sehr anschaulich an drei Beispielen aus eigenem Erleben. Eins gruseliger als das andere. Ich habe mir jedenfalls fest vorgenommen, das Thema auf unsere To-Do-Liste zu setzen. Auch wenn \u00fcber unsere <a title=\"Spendenstein\" href=\"http:\/\/www.spendenstein.de\" target=\"_blank\">Spendensteine<\/a> mit an Sicherheit grenzender Wahrscheinlichkeit kein #shitstorm hinweg fegen d\u00fcrfte&#8230;<\/p>\n<div id=\"attachment_337\" style=\"width: 310px\" class=\"wp-caption alignleft\"><a href=\"http:\/\/spendenstein.de\/blog\/wp-content\/uploads\/2014\/10\/JRiBnQlpRf7OvESAs0W8PSgWpvdAMHGhoG5PdXLe1aclthbS0Rv5ORaXwZB0EIoPY8crl8g7LB2XY_leke_vFQ.jpg\"><img loading=\"lazy\" decoding=\"async\" aria-describedby=\"caption-attachment-337\" class=\"wp-image-337 size-medium\" src=\"http:\/\/spendenstein.de\/blog\/wp-content\/uploads\/2014\/10\/JRiBnQlpRf7OvESAs0W8PSgWpvdAMHGhoG5PdXLe1aclthbS0Rv5ORaXwZB0EIoPY8crl8g7LB2XY_leke_vFQ-300x199.jpg\" alt=\"Peter in Aktion am Spendenstein-Stand\" width=\"300\" height=\"199\" srcset=\"https:\/\/spendenstein.de\/blog\/wp-content\/uploads\/2014\/10\/JRiBnQlpRf7OvESAs0W8PSgWpvdAMHGhoG5PdXLe1aclthbS0Rv5ORaXwZB0EIoPY8crl8g7LB2XY_leke_vFQ-300x199.jpg 300w, https:\/\/spendenstein.de\/blog\/wp-content\/uploads\/2014\/10\/JRiBnQlpRf7OvESAs0W8PSgWpvdAMHGhoG5PdXLe1aclthbS0Rv5ORaXwZB0EIoPY8crl8g7LB2XY_leke_vFQ.jpg 1024w\" sizes=\"auto, (max-width: 300px) 100vw, 300px\" \/><\/a><p id=\"caption-attachment-337\" class=\"wp-caption-text\">Peter in Aktion am Spendenstein-Stand<\/p><\/div>\n<p>Mein Aha-Erlebnis waren ein paar Beispiele, die illustrieren, dass Social Media bereits heute von vielen gro\u00dfen Konzernen in einer Art und Weise genutzt werden, wie ich (und sicherlich auch der eine oder andere Lenker einer NGO) bis dato neverever f\u00fcr m\u00f6glich gehalten h\u00e4tte. So behandelt z.B. eine gro\u00dfe deutsche Fluggesellschaft Kunden, die sog. \u201eInternet-Meinungsf\u00fchrer\u201c sind (zu ermitteln bspw. via www.socialmention.com), als VIP mit vielen netten Verg\u00fcnstigungen (warum wohl?) und <a href=\"http:\/\/www.klm.com\/travel\/de_de\/prepare_for_travel\/on_board\/Your_seat_on_board\/meet_and_seat.htm\" target=\"_blank\">KLM nutzt LinkedIn-Profile<\/a> doch tats\u00e4chlich, um in der Business Class die Passagiere nebeneinander zu platzieren. Brave new world.<\/p>\n<p>Den Mittagsvortrag von Thomas Stolze habe ich mir (nach Dresden) gerne noch einmal angeh\u00f6rt, weil er auf plastische und unterhaltsame Weise den Finger in so manche Spenderwebseiten-\u201eWunde\u201c legte. [Und nicht, weil ich reflexartig auf den Titel \u201eStolper<em><strong>steine<\/strong><\/em> in der Online-Spendenansprache\u201c reagierte\u2026 :-)] F\u00fcr mich als Dienstleister f\u00fcr Spendenbescheinigungen \u201ein Stein\u201c sind nat\u00fcrlich viele der Themen nicht unbedingt relevant, aber hochinteressant war es (wieder) allemal. Und dann kann mal das durchaus auch zwei Mal h\u00f6ren, weil (und das hatten wir ja schon): \u201epawtarenje match utschenja\u201c (\u201eDie Wiederholung ist die Mutter der Weisheit\u201c).<\/p>\n<div id=\"attachment_343\" style=\"width: 209px\" class=\"wp-caption alignleft\"><a href=\"http:\/\/spendenstein.de\/blog\/wp-content\/uploads\/2014\/10\/vV6EAS7oZCH1tlHO96if1GYgqvvM15R7O_U2StGWTMw.jpg\"><img loading=\"lazy\" decoding=\"async\" aria-describedby=\"caption-attachment-343\" class=\"wp-image-343 size-medium\" src=\"http:\/\/spendenstein.de\/blog\/wp-content\/uploads\/2014\/10\/vV6EAS7oZCH1tlHO96if1GYgqvvM15R7O_U2StGWTMw-199x300.jpg\" alt=\"Workshop von Sieglinde Ruf\" width=\"199\" height=\"300\" srcset=\"https:\/\/spendenstein.de\/blog\/wp-content\/uploads\/2014\/10\/vV6EAS7oZCH1tlHO96if1GYgqvvM15R7O_U2StGWTMw-199x300.jpg 199w, https:\/\/spendenstein.de\/blog\/wp-content\/uploads\/2014\/10\/vV6EAS7oZCH1tlHO96if1GYgqvvM15R7O_U2StGWTMw.jpg 682w\" sizes=\"auto, (max-width: 199px) 100vw, 199px\" \/><\/a><p id=\"caption-attachment-343\" class=\"wp-caption-text\">Workshop von Sieglinde Ruf<\/p><\/div>\n<p>Jedenfalls waren wir mit dem Interesse an unseren lasergravierten Steinen und den Gespr\u00e4chen mit Teilnehmern und Referenten\/Machern mehr als zufrieden.<\/p>\n<p>Im \u00dcbrigen verfestigt sich der Eindruck, dass sich unser innovatives Fundraising-Instrument zumindest bei den Profis wohl rumgesprochen hat. Beispielsweise hatte <a href=\"https:\/\/www.xing.com\/profile\/Sieglinde_Ruf\" target=\"_blank\">Sieglinde Ruf<\/a> die Freundlichkeit, unseren Spendenstein als \u201eDankesch\u00f6n-Stein\u201c ganz dick in ihren Vortrag \u201eEin Freund, ein guter Freund&#8230; Grundgesten der Spenderbeziehung\u201c einzubinden. Hier das \u201eBeweisfoto\u201c!<\/p>\n<p>Denn in der Tat ist es eine Binsenweisheit, dass es mehr als Dankbrief und Spendenquittung bedarf, damit aus einmaligen Spendern dauerhafte Freunde werden. Wie den Spendenstein. Nur beispielsweise. \ud83d\ude42<\/p>\n<p>Also wir stehen in den Startl\u00f6chern und warten auf Eure Projektideen \u2013 mailt, schreibt oder Ruft!Uns!An!<\/p>\n<p>P.S. Noch unbedingt zu erw\u00e4hnen ist das Kuchenb\u00fcffet: Der schokoladig-saftige Schokomuffin war so was von unglaublich lecker, dass ich \u2013 gebe es zu \u2013 nicht nur einen, sondern zwei gegessen habe. Und das fast ohne ein schlechtes Gewissen zu haben, denn der war f\u00fcr einen nicht selbst gebackenen Muffin einfach zu gut. Also ich freu\u2019 mich auf den 10. Fundraisingtag Berlin-Brandenburg im n\u00e4chsten Jahr&#8230;<\/p>\n<div id=\"attachment_341\" style=\"width: 178px\" class=\"wp-caption alignnone\"><a href=\"http:\/\/spendenstein.de\/blog\/wp-content\/uploads\/2014\/10\/Schaubild-S.-Ruf.jpg\"><img loading=\"lazy\" decoding=\"async\" aria-describedby=\"caption-attachment-341\" class=\"wp-image-341 size-medium\" src=\"http:\/\/spendenstein.de\/blog\/wp-content\/uploads\/2014\/10\/Schaubild-S.-Ruf-168x300.jpg\" alt=\"Da ist der Spendenstein. Yes!\" width=\"168\" height=\"300\" srcset=\"https:\/\/spendenstein.de\/blog\/wp-content\/uploads\/2014\/10\/Schaubild-S.-Ruf-168x300.jpg 168w, https:\/\/spendenstein.de\/blog\/wp-content\/uploads\/2014\/10\/Schaubild-S.-Ruf.jpg 404w\" sizes=\"auto, (max-width: 168px) 100vw, 168px\" \/><\/a><p id=\"caption-attachment-341\" class=\"wp-caption-text\">Da ist der Spendenstein. Yes!<\/p><\/div>\n<p>Vielen Dank f\u00fcr die Fotos an Paul Stadelhofer, Fundraiser-Magazin (au\u00dfer Schaubild mit Spendenstein: Danke an Sieglinde Ruf)<\/p>\n","protected":false},"excerpt":{"rendered":"<p>Bei zwei Fundraisingtagen\u00a0innerhalb von zwei Wochen sollte man auch zwei Texte innerhalb von zwei Wochen erwarten d\u00fcrfen. MannMannMann, da kommen wir ja fast nicht mehr hinterher. Also dann mal los:<\/p>\n","protected":false},"author":2,"featured_media":344,"comment_status":"open","ping_status":"open","sticky":false,"template":"","format":"standard","meta":{"footnotes":""},"categories":[1,4],"tags":[29,27,30,8],"class_list":["post-331","post","type-post","status-publish","format-standard","has-post-thumbnail","hentry","category-allgemein","category-geschichten","tag-berlin","tag-fundraising","tag-fundraisingtag","tag-spendenstein"],"_links":{"self":[{"href":"https:\/\/spendenstein.de\/blog\/wp-json\/wp\/v2\/posts\/331","targetHints":{"allow":["GET"]}}],"collection":[{"href":"https:\/\/spendenstein.de\/blog\/wp-json\/wp\/v2\/posts"}],"about":[{"href":"https:\/\/spendenstein.de\/blog\/wp-json\/wp\/v2\/types\/post"}],"author":[{"embeddable":true,"href":"https:\/\/spendenstein.de\/blog\/wp-json\/wp\/v2\/users\/2"}],"replies":[{"embeddable":true,"href":"https:\/\/spendenstein.de\/blog\/wp-json\/wp\/v2\/comments?post=331"}],"version-history":[{"count":6,"href":"https:\/\/spendenstein.de\/blog\/wp-json\/wp\/v2\/posts\/331\/revisions"}],"predecessor-version":[{"id":348,"href":"https:\/\/spendenstein.de\/blog\/wp-json\/wp\/v2\/posts\/331\/revisions\/348"}],"wp:featuredmedia":[{"embeddable":true,"href":"https:\/\/spendenstein.de\/blog\/wp-json\/wp\/v2\/media\/344"}],"wp:attachment":[{"href":"https:\/\/spendenstein.de\/blog\/wp-json\/wp\/v2\/media?parent=331"}],"wp:term":[{"taxonomy":"category","embeddable":true,"href":"https:\/\/spendenstein.de\/blog\/wp-json\/wp\/v2\/categories?post=331"},{"taxonomy":"post_tag","embeddable":true,"href":"https:\/\/spendenstein.de\/blog\/wp-json\/wp\/v2\/tags?post=331"}],"curies":[{"name":"wp","href":"https:\/\/api.w.org\/{rel}","templated":true}]}}